{"id":2574,"date":"2025-07-31T09:18:35","date_gmt":"2025-07-31T07:18:35","guid":{"rendered":"https:\/\/www.exme.it\/wp\/?p=2574"},"modified":"2025-09-10T16:40:21","modified_gmt":"2025-09-10T14:40:21","slug":"propagazioni-festival","status":"publish","type":"post","link":"https:\/\/www.exme.it\/wp\/2025\/07\/31\/propagazioni-festival\/","title":{"rendered":"Propagazioni Festival"},"content":{"rendered":"\t\t<div data-elementor-type=\"wp-post\" data-elementor-id=\"2574\" class=\"elementor elementor-2574\" data-elementor-post-type=\"post\">\n\t\t\t\t<div class=\"elementor-element elementor-element-0f2fb79 e-flex e-con-boxed e-con e-parent\" data-id=\"0f2fb79\" data-element_type=\"container\" data-e-type=\"container\">\n\t\t\t\t\t<div class=\"e-con-inner\">\n\t\t\t\t<div class=\"elementor-element elementor-element-86be4f8 elementor-widget elementor-widget-text-editor\" data-id=\"86be4f8\" data-element_type=\"widget\" data-e-type=\"widget\" data-widget_type=\"text-editor.default\">\n\t\t\t\t<div class=\"elementor-widget-container\">\n\t\t\t\t\t\t\t\t\t<div dir=\"auto\"><div dir=\"auto\">Lo sport che ci piace \u00e8 fatto di storie. Quelle che ieri, alla Dante Social Arena, hanno preso voce con Vito Biolchini, Nando Mura e Giorgio Ariu per <span class=\"html-span xdj266r x14z9mp xat24cr x1lziwak xexx8yu xyri2b x18d9i69 x1c1uobl x1hl2dhg x16tdsg8 x1vvkbs\"><a class=\"x1i10hfl xjbqb8w x1ejq31n x18oe1m7 x1sy0etr xstzfhl x972fbf x10w94by x1qhh985 x14e42zd x9f619 x1ypdohk xt0psk2 xe8uvvx xdj266r x14z9mp xat24cr x1lziwak xexx8yu xyri2b x18d9i69 x1c1uobl x16tdsg8 x1hl2dhg xggy1nq x1a2a7pz xkrqix3 x1sur9pj x1fey0fg x1s688f\" tabindex=\"0\" role=\"link\" href=\"https:\/\/www.facebook.com\/propagazionifestival?__cft__[0]=AZXtdsWwzPOHMYRmsj4BzMxufggQIcYXUJ3RNvz1W4JRMUd4NYMSnMr2dp6KR7uMSM9toymZAPQIxI0q5nz8QBuKwYnDFrbgcd2w3zmAOCRQoiGgCtZBmRoTiC8vvsO1-fGV7bgeLzW2QDOp0onzDCQyD1HS0cMAuuKgTX1MbshxRpMKU9Z6XJ9jbs8GUwYyisQ&amp;__tn__=-]K-R\"><span class=\"xt0psk2\"><span class=\"xjp7ctv\">Propagazioni Festival<\/span><\/span><\/a><\/span>.<\/div><div dir=\"auto\">\u00a0<\/div><div dir=\"auto\">Noi, con l&#8217;<span class=\"html-span xdj266r x14z9mp xat24cr x1lziwak xexx8yu xyri2b x18d9i69 x1c1uobl x1hl2dhg x16tdsg8 x1vvkbs\"><a class=\"x1i10hfl xjbqb8w x1ejq31n x18oe1m7 x1sy0etr xstzfhl x972fbf x10w94by x1qhh985 x14e42zd x9f619 x1ypdohk xt0psk2 xe8uvvx xdj266r x14z9mp xat24cr x1lziwak xexx8yu xyri2b x18d9i69 x1c1uobl x16tdsg8 x1hl2dhg xggy1nq x1a2a7pz xkrqix3 x1sur9pj x1fey0fg x1s688f\" tabindex=\"0\" role=\"link\" href=\"https:\/\/www.facebook.com\/polisportivaexme?__cft__[0]=AZXtdsWwzPOHMYRmsj4BzMxufggQIcYXUJ3RNvz1W4JRMUd4NYMSnMr2dp6KR7uMSM9toymZAPQIxI0q5nz8QBuKwYnDFrbgcd2w3zmAOCRQoiGgCtZBmRoTiC8vvsO1-fGV7bgeLzW2QDOp0onzDCQyD1HS0cMAuuKgTX1MbshxRpMKU9Z6XJ9jbs8GUwYyisQ&amp;__tn__=-]K-R\"><span class=\"xt0psk2\"><span class=\"xjp7ctv\">ASD Polisportiva Popolare Exm\u00e8<\/span><\/span><\/a><\/span> lo viviamo come un campo aperto dove si impara a fare squadra, a fidarsi degli altri, a credere in s\u00e9 stessi.<\/div><div dir=\"auto\">\u00a0<\/div><div dir=\"auto\">\u00c8 lo spazio dove tanti ragazzi e ragazze ogni giorno trovano energia, identit\u00e0, possibilit\u00e0.<\/div><div dir=\"auto\">\u00a0<\/div><div dir=\"auto\">Metti un marted\u00ec sera a Pirri \u00e8 la rassegna di musica e teatro sotto le stelle, organizzata da <span class=\"html-span xdj266r x14z9mp xat24cr x1lziwak xexx8yu xyri2b x18d9i69 x1c1uobl x1hl2dhg x16tdsg8 x1vvkbs\"><a class=\"x1i10hfl xjbqb8w x1ejq31n x18oe1m7 x1sy0etr xstzfhl x972fbf x10w94by x1qhh985 x14e42zd x9f619 x1ypdohk xt0psk2 xe8uvvx xdj266r x14z9mp xat24cr x1lziwak xexx8yu xyri2b x18d9i69 x1c1uobl x16tdsg8 x1hl2dhg xggy1nq x1a2a7pz xkrqix3 x1sur9pj x1fey0fg x1s688f\" tabindex=\"0\" role=\"link\" href=\"https:\/\/www.facebook.com\/fondazionedomusdeluna?__cft__[0]=AZXtdsWwzPOHMYRmsj4BzMxufggQIcYXUJ3RNvz1W4JRMUd4NYMSnMr2dp6KR7uMSM9toymZAPQIxI0q5nz8QBuKwYnDFrbgcd2w3zmAOCRQoiGgCtZBmRoTiC8vvsO1-fGV7bgeLzW2QDOp0onzDCQyD1HS0cMAuuKgTX1MbshxRpMKU9Z6XJ9jbs8GUwYyisQ&amp;__tn__=-]K-R\"><span class=\"xt0psk2\"><span class=\"xjp7ctv\">Domus de Luna<\/span><\/span><\/a><\/span> con il sostegno della <span class=\"html-span xdj266r x14z9mp xat24cr x1lziwak xexx8yu xyri2b x18d9i69 x1c1uobl x1hl2dhg x16tdsg8 x1vvkbs\"><a class=\"x1i10hfl xjbqb8w x1ejq31n x18oe1m7 x1sy0etr xstzfhl x972fbf x10w94by x1qhh985 x14e42zd x9f619 x1ypdohk xt0psk2 xe8uvvx xdj266r x14z9mp xat24cr x1lziwak xexx8yu xyri2b x18d9i69 x1c1uobl x16tdsg8 x1hl2dhg xggy1nq x1a2a7pz xkrqix3 x1sur9pj x1fey0fg x1s688f\" tabindex=\"0\" role=\"link\" href=\"https:\/\/www.facebook.com\/profile.php?id=100063708023649&amp;__cft__[0]=AZXtdsWwzPOHMYRmsj4BzMxufggQIcYXUJ3RNvz1W4JRMUd4NYMSnMr2dp6KR7uMSM9toymZAPQIxI0q5nz8QBuKwYnDFrbgcd2w3zmAOCRQoiGgCtZBmRoTiC8vvsO1-fGV7bgeLzW2QDOp0onzDCQyD1HS0cMAuuKgTX1MbshxRpMKU9Z6XJ9jbs8GUwYyisQ&amp;__tn__=-]K-R\"><span class=\"xt0psk2\"><span class=\"xjp7ctv\">Fondazione di Sardegna<\/span><\/span><\/a><\/span> e il patrocinio del Comune di Cagliari e della Municipalit\u00e0 di Pirri.<\/div><\/div>\t\t\t\t\t\t\t\t<\/div>\n\t\t\t\t<\/div>\n\t\t\t\t\t<\/div>\n\t\t\t\t<\/div>\n\t\t<div class=\"elementor-element elementor-element-0b9bfef e-flex e-con-boxed e-con e-parent\" data-id=\"0b9bfef\" data-element_type=\"container\" data-e-type=\"container\">\n\t\t\t\t\t<div class=\"e-con-inner\">\n\t\t\t\t<div class=\"elementor-element elementor-element-ae84f4d elementor-widget elementor-widget-image\" data-id=\"ae84f4d\" data-element_type=\"widget\" data-e-type=\"widget\" data-widget_type=\"image.default\">\n\t\t\t\t<div class=\"elementor-widget-container\">\n\t\t\t\t\t\t\t\t\t\t\t\t\t\t\t<img fetchpriority=\"high\" decoding=\"async\" width=\"724\" height=\"1024\" src=\"https:\/\/www.exme.it\/wp\/wp-content\/uploads\/2025\/07\/LOCANDINA_ESTATE_2025-Propagazioni_page-0001-724x1024.jpg\" class=\"attachment-large size-large wp-image-2650\" alt=\"\" srcset=\"https:\/\/www.exme.it\/wp\/wp-content\/uploads\/2025\/07\/LOCANDINA_ESTATE_2025-Propagazioni_page-0001-724x1024.jpg 724w, https:\/\/www.exme.it\/wp\/wp-content\/uploads\/2025\/07\/LOCANDINA_ESTATE_2025-Propagazioni_page-0001-212x300.jpg 212w, https:\/\/www.exme.it\/wp\/wp-content\/uploads\/2025\/07\/LOCANDINA_ESTATE_2025-Propagazioni_page-0001-768x1086.jpg 768w, https:\/\/www.exme.it\/wp\/wp-content\/uploads\/2025\/07\/LOCANDINA_ESTATE_2025-Propagazioni_page-0001-1086x1536.jpg 1086w, https:\/\/www.exme.it\/wp\/wp-content\/uploads\/2025\/07\/LOCANDINA_ESTATE_2025-Propagazioni_page-0001-1448x2048.jpg 1448w, https:\/\/www.exme.it\/wp\/wp-content\/uploads\/2025\/07\/LOCANDINA_ESTATE_2025-Propagazioni_page-0001.jpg 1754w\" sizes=\"(max-width: 724px) 100vw, 724px\" \/>\t\t\t\t\t\t\t\t\t\t\t\t\t\t\t<\/div>\n\t\t\t\t<\/div>\n\t\t\t\t\t<\/div>\n\t\t\t\t<\/div>\n\t\t\t\t<\/div>\n\t\t","protected":false},"excerpt":{"rendered":"<p>Lo sport che ci piace \u00e8 fatto di storie. Quelle che ieri, alla Dante Social Arena, hanno preso voce con Vito Biolchini, Nando Mura e&#8230;<\/p>\n","protected":false},"author":3,"featured_media":2575,"comment_status":"closed","ping_status":"open","sticky":false,"template":"","format":"standard","meta":{"footnotes":""},"categories":[1],"tags":[],"class_list":["post-2574","post","type-post","status-publish","format-standard","has-post-thumbnail","hentry","category-news"],"yoast_head":"<!-- This site is optimized with the Yoast SEO plugin v27.2 - https:\/\/yoast.com\/product\/yoast-seo-wordpress\/ -->\n<title>Propagazioni Festival - Exme.it<\/title>\n<meta name=\"description\" content=\"Lo sport che ci piace \u00e8 fatto di storie. Quelle che ieri, alla Dante Social Arena, hanno preso voce con Vito Biolchini, Nando Mura e Giorgio Ariu per Propagazioni Festival.Noi, con l&#039;ASD Polisportiva Popolare Exm\u00e8 lo viviamo come un campo aperto dove si impara a fare squadra, a fidarsi degli altri, a credere in s\u00e9 stessi.\u00c8 lo spazio dove tanti ragazzi e ragazze ogni giorno trovano energia, identit\u00e0, possibilit\u00e0.Metti un marted\u00ec sera a Pirri \u00e8 la rassegna di musica e teatro sotto le stelle, organizzata da Domus de Luna con il sostegno della Fondazione di Sardegna e il patrocinio del Comune di Cagliari e della Municipalit\u00e0 di Pirri.\" \/>\n<meta name=\"robots\" content=\"index, follow, max-snippet:-1, max-image-preview:large, max-video-preview:-1\" \/>\n<link rel=\"canonical\" href=\"https:\/\/www.exme.it\/wp\/2025\/07\/31\/propagazioni-festival\/\" \/>\n<meta property=\"og:locale\" content=\"it_IT\" \/>\n<meta property=\"og:type\" content=\"article\" \/>\n<meta property=\"og:title\" content=\"Propagazioni Festival - Exme.it\" \/>\n<meta property=\"og:description\" content=\"Lo sport che ci piace \u00e8 fatto di storie. Quelle che ieri, alla Dante Social Arena, hanno preso voce con Vito Biolchini, Nando Mura e Giorgio Ariu per Propagazioni Festival.Noi, con l&#039;ASD Polisportiva Popolare Exm\u00e8 lo viviamo come un campo aperto dove si impara a fare squadra, a fidarsi degli altri, a credere in s\u00e9 stessi.\u00c8 lo spazio dove tanti ragazzi e ragazze ogni giorno trovano energia, identit\u00e0, possibilit\u00e0.Metti un marted\u00ec sera a Pirri \u00e8 la rassegna di musica e teatro sotto le stelle, organizzata da Domus de Luna con il sostegno della Fondazione di Sardegna e il patrocinio del Comune di Cagliari e della Municipalit\u00e0 di Pirri.\" \/>\n<meta property=\"og:url\" content=\"https:\/\/www.exme.it\/wp\/2025\/07\/31\/propagazioni-festival\/\" \/>\n<meta property=\"og:site_name\" content=\"Exme.it\" \/>\n<meta property=\"article:publisher\" content=\"https:\/\/www.facebook.com\/exme.domusdeluna\" \/>\n<meta property=\"article:published_time\" content=\"2025-07-31T07:18:35+00:00\" \/>\n<meta property=\"article:modified_time\" content=\"2025-09-10T14:40:21+00:00\" \/>\n<meta property=\"og:image\" content=\"https:\/\/www.exme.it\/wp\/wp-content\/uploads\/2025\/07\/IMG_4614-scaled.jpg\" \/>\n\t<meta property=\"og:image:width\" content=\"2560\" \/>\n\t<meta property=\"og:image:height\" content=\"1706\" \/>\n\t<meta property=\"og:image:type\" content=\"image\/jpeg\" \/>\n<meta name=\"author\" content=\"Davide Milici\" \/>\n<meta name=\"twitter:card\" content=\"summary_large_image\" \/>\n<meta name=\"twitter:label1\" content=\"Scritto da\" \/>\n\t<meta name=\"twitter:data1\" content=\"Davide Milici\" \/>\n\t<meta name=\"twitter:label2\" content=\"Tempo di lettura stimato\" \/>\n\t<meta name=\"twitter:data2\" content=\"1 minuto\" \/>\n<script type=\"application\/ld+json\" class=\"yoast-schema-graph\">{\"@context\":\"https:\/\/schema.org\",\"@graph\":[{\"@type\":\"Article\",\"@id\":\"https:\/\/www.exme.it\/wp\/2025\/07\/31\/propagazioni-festival\/#article\",\"isPartOf\":{\"@id\":\"https:\/\/www.exme.it\/wp\/2025\/07\/31\/propagazioni-festival\/\"},\"author\":{\"name\":\"Davide Milici\",\"@id\":\"https:\/\/www.exme.it\/wp\/#\/schema\/person\/aa8651ce742616c5a15ff5e12cba8a54\"},\"headline\":\"Propagazioni Festival\",\"datePublished\":\"2025-07-31T07:18:35+00:00\",\"dateModified\":\"2025-09-10T14:40:21+00:00\",\"mainEntityOfPage\":{\"@id\":\"https:\/\/www.exme.it\/wp\/2025\/07\/31\/propagazioni-festival\/\"},\"wordCount\":110,\"publisher\":{\"@id\":\"https:\/\/www.exme.it\/wp\/#organization\"},\"image\":{\"@id\":\"https:\/\/www.exme.it\/wp\/2025\/07\/31\/propagazioni-festival\/#primaryimage\"},\"thumbnailUrl\":\"https:\/\/www.exme.it\/wp\/wp-content\/uploads\/2025\/07\/IMG_4614-scaled.jpg\",\"articleSection\":[\"News\"],\"inLanguage\":\"it-IT\"},{\"@type\":\"WebPage\",\"@id\":\"https:\/\/www.exme.it\/wp\/2025\/07\/31\/propagazioni-festival\/\",\"url\":\"https:\/\/www.exme.it\/wp\/2025\/07\/31\/propagazioni-festival\/\",\"name\":\"Propagazioni Festival - Exme.it\",\"isPartOf\":{\"@id\":\"https:\/\/www.exme.it\/wp\/#website\"},\"primaryImageOfPage\":{\"@id\":\"https:\/\/www.exme.it\/wp\/2025\/07\/31\/propagazioni-festival\/#primaryimage\"},\"image\":{\"@id\":\"https:\/\/www.exme.it\/wp\/2025\/07\/31\/propagazioni-festival\/#primaryimage\"},\"thumbnailUrl\":\"https:\/\/www.exme.it\/wp\/wp-content\/uploads\/2025\/07\/IMG_4614-scaled.jpg\",\"datePublished\":\"2025-07-31T07:18:35+00:00\",\"dateModified\":\"2025-09-10T14:40:21+00:00\",\"description\":\"Lo sport che ci piace \u00e8 fatto di storie. Quelle che ieri, alla Dante Social Arena, hanno preso voce con Vito Biolchini, Nando Mura e Giorgio Ariu per Propagazioni Festival.Noi, con l'ASD Polisportiva Popolare Exm\u00e8 lo viviamo come un campo aperto dove si impara a fare squadra, a fidarsi degli altri, a credere in s\u00e9 stessi.\u00c8 lo spazio dove tanti ragazzi e ragazze ogni giorno trovano energia, identit\u00e0, possibilit\u00e0.Metti un marted\u00ec sera a Pirri \u00e8 la rassegna di musica e teatro sotto le stelle, organizzata da Domus de Luna con il sostegno della Fondazione di Sardegna e il patrocinio del Comune di Cagliari e della Municipalit\u00e0 di Pirri.\",\"breadcrumb\":{\"@id\":\"https:\/\/www.exme.it\/wp\/2025\/07\/31\/propagazioni-festival\/#breadcrumb\"},\"inLanguage\":\"it-IT\",\"potentialAction\":[{\"@type\":\"ReadAction\",\"target\":[\"https:\/\/www.exme.it\/wp\/2025\/07\/31\/propagazioni-festival\/\"]}]},{\"@type\":\"ImageObject\",\"inLanguage\":\"it-IT\",\"@id\":\"https:\/\/www.exme.it\/wp\/2025\/07\/31\/propagazioni-festival\/#primaryimage\",\"url\":\"https:\/\/www.exme.it\/wp\/wp-content\/uploads\/2025\/07\/IMG_4614-scaled.jpg\",\"contentUrl\":\"https:\/\/www.exme.it\/wp\/wp-content\/uploads\/2025\/07\/IMG_4614-scaled.jpg\",\"width\":2560,\"height\":1706},{\"@type\":\"BreadcrumbList\",\"@id\":\"https:\/\/www.exme.it\/wp\/2025\/07\/31\/propagazioni-festival\/#breadcrumb\",\"itemListElement\":[{\"@type\":\"ListItem\",\"position\":1,\"name\":\"Home\",\"item\":\"https:\/\/www.exme.it\/wp\/\"},{\"@type\":\"ListItem\",\"position\":2,\"name\":\"Propagazioni Festival\"}]},{\"@type\":\"WebSite\",\"@id\":\"https:\/\/www.exme.it\/wp\/#website\",\"url\":\"https:\/\/www.exme.it\/wp\/\",\"name\":\"Exme.it\",\"description\":\"\",\"publisher\":{\"@id\":\"https:\/\/www.exme.it\/wp\/#organization\"},\"potentialAction\":[{\"@type\":\"SearchAction\",\"target\":{\"@type\":\"EntryPoint\",\"urlTemplate\":\"https:\/\/www.exme.it\/wp\/?s={search_term_string}\"},\"query-input\":{\"@type\":\"PropertyValueSpecification\",\"valueRequired\":true,\"valueName\":\"search_term_string\"}}],\"inLanguage\":\"it-IT\"},{\"@type\":\"Organization\",\"@id\":\"https:\/\/www.exme.it\/wp\/#organization\",\"name\":\"Exme.it\",\"url\":\"https:\/\/www.exme.it\/wp\/\",\"logo\":{\"@type\":\"ImageObject\",\"inLanguage\":\"it-IT\",\"@id\":\"https:\/\/www.exme.it\/wp\/#\/schema\/logo\/image\/\",\"url\":\"https:\/\/www.exme.it\/wp\/wp-content\/uploads\/2016\/03\/logo_exme_senza_bordi.png\",\"contentUrl\":\"https:\/\/www.exme.it\/wp\/wp-content\/uploads\/2016\/03\/logo_exme_senza_bordi.png\",\"width\":2201,\"height\":1569,\"caption\":\"Exme.it\"},\"image\":{\"@id\":\"https:\/\/www.exme.it\/wp\/#\/schema\/logo\/image\/\"},\"sameAs\":[\"https:\/\/www.facebook.com\/exme.domusdeluna\"]},{\"@type\":\"Person\",\"@id\":\"https:\/\/www.exme.it\/wp\/#\/schema\/person\/aa8651ce742616c5a15ff5e12cba8a54\",\"name\":\"Davide Milici\",\"image\":{\"@type\":\"ImageObject\",\"inLanguage\":\"it-IT\",\"@id\":\"https:\/\/secure.gravatar.com\/avatar\/c913db7ffe2e3a4ad133c60adc711068a8ceba5c3fefa0cf232dc219d72f3ccc?s=96&d=mm&r=g\",\"url\":\"https:\/\/secure.gravatar.com\/avatar\/c913db7ffe2e3a4ad133c60adc711068a8ceba5c3fefa0cf232dc219d72f3ccc?s=96&d=mm&r=g\",\"contentUrl\":\"https:\/\/secure.gravatar.com\/avatar\/c913db7ffe2e3a4ad133c60adc711068a8ceba5c3fefa0cf232dc219d72f3ccc?s=96&d=mm&r=g\",\"caption\":\"Davide Milici\"},\"sameAs\":[\"http:\/\/davidemilici.it\"],\"url\":\"https:\/\/www.exme.it\/wp\/author\/davide\/\"}]}<\/script>\n<!-- \/ Yoast SEO plugin. -->","yoast_head_json":{"title":"Propagazioni Festival - Exme.it","description":"Lo sport che ci piace \u00e8 fatto di storie. Quelle che ieri, alla Dante Social Arena, hanno preso voce con Vito Biolchini, Nando Mura e Giorgio Ariu per Propagazioni Festival.Noi, con l'ASD Polisportiva Popolare Exm\u00e8 lo viviamo come un campo aperto dove si impara a fare squadra, a fidarsi degli altri, a credere in s\u00e9 stessi.\u00c8 lo spazio dove tanti ragazzi e ragazze ogni giorno trovano energia, identit\u00e0, possibilit\u00e0.Metti un marted\u00ec sera a Pirri \u00e8 la rassegna di musica e teatro sotto le stelle, organizzata da Domus de Luna con il sostegno della Fondazione di Sardegna e il patrocinio del Comune di Cagliari e della Municipalit\u00e0 di Pirri.","robots":{"index":"index","follow":"follow","max-snippet":"max-snippet:-1","max-image-preview":"max-image-preview:large","max-video-preview":"max-video-preview:-1"},"canonical":"https:\/\/www.exme.it\/wp\/2025\/07\/31\/propagazioni-festival\/","og_locale":"it_IT","og_type":"article","og_title":"Propagazioni Festival - Exme.it","og_description":"Lo sport che ci piace \u00e8 fatto di storie. Quelle che ieri, alla Dante Social Arena, hanno preso voce con Vito Biolchini, Nando Mura e Giorgio Ariu per Propagazioni Festival.Noi, con l'ASD Polisportiva Popolare Exm\u00e8 lo viviamo come un campo aperto dove si impara a fare squadra, a fidarsi degli altri, a credere in s\u00e9 stessi.\u00c8 lo spazio dove tanti ragazzi e ragazze ogni giorno trovano energia, identit\u00e0, possibilit\u00e0.Metti un marted\u00ec sera a Pirri \u00e8 la rassegna di musica e teatro sotto le stelle, organizzata da Domus de Luna con il sostegno della Fondazione di Sardegna e il patrocinio del Comune di Cagliari e della Municipalit\u00e0 di Pirri.","og_url":"https:\/\/www.exme.it\/wp\/2025\/07\/31\/propagazioni-festival\/","og_site_name":"Exme.it","article_publisher":"https:\/\/www.facebook.com\/exme.domusdeluna","article_published_time":"2025-07-31T07:18:35+00:00","article_modified_time":"2025-09-10T14:40:21+00:00","og_image":[{"width":2560,"height":1706,"url":"https:\/\/www.exme.it\/wp\/wp-content\/uploads\/2025\/07\/IMG_4614-scaled.jpg","type":"image\/jpeg"}],"author":"Davide Milici","twitter_card":"summary_large_image","twitter_misc":{"Scritto da":"Davide Milici","Tempo di lettura stimato":"1 minuto"},"schema":{"@context":"https:\/\/schema.org","@graph":[{"@type":"Article","@id":"https:\/\/www.exme.it\/wp\/2025\/07\/31\/propagazioni-festival\/#article","isPartOf":{"@id":"https:\/\/www.exme.it\/wp\/2025\/07\/31\/propagazioni-festival\/"},"author":{"name":"Davide Milici","@id":"https:\/\/www.exme.it\/wp\/#\/schema\/person\/aa8651ce742616c5a15ff5e12cba8a54"},"headline":"Propagazioni Festival","datePublished":"2025-07-31T07:18:35+00:00","dateModified":"2025-09-10T14:40:21+00:00","mainEntityOfPage":{"@id":"https:\/\/www.exme.it\/wp\/2025\/07\/31\/propagazioni-festival\/"},"wordCount":110,"publisher":{"@id":"https:\/\/www.exme.it\/wp\/#organization"},"image":{"@id":"https:\/\/www.exme.it\/wp\/2025\/07\/31\/propagazioni-festival\/#primaryimage"},"thumbnailUrl":"https:\/\/www.exme.it\/wp\/wp-content\/uploads\/2025\/07\/IMG_4614-scaled.jpg","articleSection":["News"],"inLanguage":"it-IT"},{"@type":"WebPage","@id":"https:\/\/www.exme.it\/wp\/2025\/07\/31\/propagazioni-festival\/","url":"https:\/\/www.exme.it\/wp\/2025\/07\/31\/propagazioni-festival\/","name":"Propagazioni Festival - Exme.it","isPartOf":{"@id":"https:\/\/www.exme.it\/wp\/#website"},"primaryImageOfPage":{"@id":"https:\/\/www.exme.it\/wp\/2025\/07\/31\/propagazioni-festival\/#primaryimage"},"image":{"@id":"https:\/\/www.exme.it\/wp\/2025\/07\/31\/propagazioni-festival\/#primaryimage"},"thumbnailUrl":"https:\/\/www.exme.it\/wp\/wp-content\/uploads\/2025\/07\/IMG_4614-scaled.jpg","datePublished":"2025-07-31T07:18:35+00:00","dateModified":"2025-09-10T14:40:21+00:00","description":"Lo sport che ci piace \u00e8 fatto di storie. Quelle che ieri, alla Dante Social Arena, hanno preso voce con Vito Biolchini, Nando Mura e Giorgio Ariu per Propagazioni Festival.Noi, con l'ASD Polisportiva Popolare Exm\u00e8 lo viviamo come un campo aperto dove si impara a fare squadra, a fidarsi degli altri, a credere in s\u00e9 stessi.\u00c8 lo spazio dove tanti ragazzi e ragazze ogni giorno trovano energia, identit\u00e0, possibilit\u00e0.Metti un marted\u00ec sera a Pirri \u00e8 la rassegna di musica e teatro sotto le stelle, organizzata da Domus de Luna con il sostegno della Fondazione di Sardegna e il patrocinio del Comune di Cagliari e della Municipalit\u00e0 di Pirri.","breadcrumb":{"@id":"https:\/\/www.exme.it\/wp\/2025\/07\/31\/propagazioni-festival\/#breadcrumb"},"inLanguage":"it-IT","potentialAction":[{"@type":"ReadAction","target":["https:\/\/www.exme.it\/wp\/2025\/07\/31\/propagazioni-festival\/"]}]},{"@type":"ImageObject","inLanguage":"it-IT","@id":"https:\/\/www.exme.it\/wp\/2025\/07\/31\/propagazioni-festival\/#primaryimage","url":"https:\/\/www.exme.it\/wp\/wp-content\/uploads\/2025\/07\/IMG_4614-scaled.jpg","contentUrl":"https:\/\/www.exme.it\/wp\/wp-content\/uploads\/2025\/07\/IMG_4614-scaled.jpg","width":2560,"height":1706},{"@type":"BreadcrumbList","@id":"https:\/\/www.exme.it\/wp\/2025\/07\/31\/propagazioni-festival\/#breadcrumb","itemListElement":[{"@type":"ListItem","position":1,"name":"Home","item":"https:\/\/www.exme.it\/wp\/"},{"@type":"ListItem","position":2,"name":"Propagazioni Festival"}]},{"@type":"WebSite","@id":"https:\/\/www.exme.it\/wp\/#website","url":"https:\/\/www.exme.it\/wp\/","name":"Exme.it","description":"","publisher":{"@id":"https:\/\/www.exme.it\/wp\/#organization"},"potentialAction":[{"@type":"SearchAction","target":{"@type":"EntryPoint","urlTemplate":"https:\/\/www.exme.it\/wp\/?s={search_term_string}"},"query-input":{"@type":"PropertyValueSpecification","valueRequired":true,"valueName":"search_term_string"}}],"inLanguage":"it-IT"},{"@type":"Organization","@id":"https:\/\/www.exme.it\/wp\/#organization","name":"Exme.it","url":"https:\/\/www.exme.it\/wp\/","logo":{"@type":"ImageObject","inLanguage":"it-IT","@id":"https:\/\/www.exme.it\/wp\/#\/schema\/logo\/image\/","url":"https:\/\/www.exme.it\/wp\/wp-content\/uploads\/2016\/03\/logo_exme_senza_bordi.png","contentUrl":"https:\/\/www.exme.it\/wp\/wp-content\/uploads\/2016\/03\/logo_exme_senza_bordi.png","width":2201,"height":1569,"caption":"Exme.it"},"image":{"@id":"https:\/\/www.exme.it\/wp\/#\/schema\/logo\/image\/"},"sameAs":["https:\/\/www.facebook.com\/exme.domusdeluna"]},{"@type":"Person","@id":"https:\/\/www.exme.it\/wp\/#\/schema\/person\/aa8651ce742616c5a15ff5e12cba8a54","name":"Davide Milici","image":{"@type":"ImageObject","inLanguage":"it-IT","@id":"https:\/\/secure.gravatar.com\/avatar\/c913db7ffe2e3a4ad133c60adc711068a8ceba5c3fefa0cf232dc219d72f3ccc?s=96&d=mm&r=g","url":"https:\/\/secure.gravatar.com\/avatar\/c913db7ffe2e3a4ad133c60adc711068a8ceba5c3fefa0cf232dc219d72f3ccc?s=96&d=mm&r=g","contentUrl":"https:\/\/secure.gravatar.com\/avatar\/c913db7ffe2e3a4ad133c60adc711068a8ceba5c3fefa0cf232dc219d72f3ccc?s=96&d=mm&r=g","caption":"Davide Milici"},"sameAs":["http:\/\/davidemilici.it"],"url":"https:\/\/www.exme.it\/wp\/author\/davide\/"}]}},"_links":{"self":[{"href":"https:\/\/www.exme.it\/wp\/wp-json\/wp\/v2\/posts\/2574","targetHints":{"allow":["GET"]}}],"collection":[{"href":"https:\/\/www.exme.it\/wp\/wp-json\/wp\/v2\/posts"}],"about":[{"href":"https:\/\/www.exme.it\/wp\/wp-json\/wp\/v2\/types\/post"}],"author":[{"embeddable":true,"href":"https:\/\/www.exme.it\/wp\/wp-json\/wp\/v2\/users\/3"}],"replies":[{"embeddable":true,"href":"https:\/\/www.exme.it\/wp\/wp-json\/wp\/v2\/comments?post=2574"}],"version-history":[{"count":10,"href":"https:\/\/www.exme.it\/wp\/wp-json\/wp\/v2\/posts\/2574\/revisions"}],"predecessor-version":[{"id":2654,"href":"https:\/\/www.exme.it\/wp\/wp-json\/wp\/v2\/posts\/2574\/revisions\/2654"}],"wp:featuredmedia":[{"embeddable":true,"href":"https:\/\/www.exme.it\/wp\/wp-json\/wp\/v2\/media\/2575"}],"wp:attachment":[{"href":"https:\/\/www.exme.it\/wp\/wp-json\/wp\/v2\/media?parent=2574"}],"wp:term":[{"taxonomy":"category","embeddable":true,"href":"https:\/\/www.exme.it\/wp\/wp-json\/wp\/v2\/categories?post=2574"},{"taxonomy":"post_tag","embeddable":true,"href":"https:\/\/www.exme.it\/wp\/wp-json\/wp\/v2\/tags?post=2574"}],"curies":[{"name":"wp","href":"https:\/\/api.w.org\/{rel}","templated":true}]}}