{"id":1860,"date":"2023-12-14T12:59:44","date_gmt":"2023-12-14T11:59:44","guid":{"rendered":"https:\/\/www.exme.it\/wp\/?p=1860"},"modified":"2024-01-10T16:50:01","modified_gmt":"2024-01-10T15:50:01","slug":"exme-promuove-alfabetica-prima-collettiva-dei-ragazzi-di-codice-segreto","status":"publish","type":"post","link":"https:\/\/www.exme.it\/wp\/2023\/12\/14\/exme-promuove-alfabetica-prima-collettiva-dei-ragazzi-di-codice-segreto\/","title":{"rendered":"Alfabetica"},"content":{"rendered":"\t\t<div data-elementor-type=\"wp-post\" data-elementor-id=\"1860\" class=\"elementor elementor-1860\" data-elementor-post-type=\"post\">\n\t\t\t\t<div class=\"elementor-element elementor-element-7d26b5 e-flex e-con-boxed e-con e-parent\" data-id=\"7d26b5\" data-element_type=\"container\" data-e-type=\"container\">\n\t\t\t\t\t<div class=\"e-con-inner\">\n\t\t\t\t<div class=\"elementor-element elementor-element-6f99c897 elementor-widget elementor-widget-text-editor\" data-id=\"6f99c897\" data-element_type=\"widget\" data-e-type=\"widget\" data-widget_type=\"text-editor.default\">\n\t\t\t\t<div class=\"elementor-widget-container\">\n\t\t\t\t\t\t\t\t\t\n<p>E&#8217; stato inaugurato\u00a0 il nuovo spazio espositivo la &#8220;Galleria&#8221;, una fucina di creativit\u00e0, inclusione, solidariet\u00e0 aperta a tutti, in cui i ragazzi e le ragazze di Codice Segreto danno spazio alla propria creativit\u00e0 e nel contempo imparano un lavoro.<\/p>\n\n<p>Si chiama &#8220;Alfabetica&#8221; la prima collettiva guidata dall&#8217;artista Manu Invisible, a cui seguiranno altre \u201cresidenze artistiche\u201d. La Galleria \u00e8 frutto della collaborazione degli Enti del Terzo Settore, Fondazione Domus de Luna, Codice Segreto, Fondazione Peter Pan ed Exm\u00e8 &amp; Affini ognuno dei quali porta all\u2019interno del progetto le proprie specificit\u00e0 e vene artistiche.<\/p>\n\n<p>Da gennaio avranno inizio i prossimi incontri artistici. Ad ogni ciclo laboratoriale seguir\u00e0 una esposizione e la vendita delle opere realizzate.<\/p>\n\n<p>\u00a0<\/p>\n\t\t\t\t\t\t\t\t<\/div>\n\t\t\t\t<\/div>\n\t\t\t\t\t<\/div>\n\t\t\t\t<\/div>\n\t\t<div class=\"elementor-element elementor-element-aef24d8 e-flex e-con-boxed e-con e-parent\" data-id=\"aef24d8\" data-element_type=\"container\" data-e-type=\"container\">\n\t\t\t\t\t<div class=\"e-con-inner\">\n\t\t\t\t<div class=\"elementor-element elementor-element-fdeedd2 elementor-widget elementor-widget-gallery\" data-id=\"fdeedd2\" data-element_type=\"widget\" data-e-type=\"widget\" data-settings=\"{&quot;aspect_ratio&quot;:&quot;1:1&quot;,&quot;lazyload&quot;:&quot;yes&quot;,&quot;gallery_layout&quot;:&quot;grid&quot;,&quot;columns&quot;:4,&quot;columns_tablet&quot;:2,&quot;columns_mobile&quot;:1,&quot;gap&quot;:{&quot;unit&quot;:&quot;px&quot;,&quot;size&quot;:10,&quot;sizes&quot;:[]},&quot;gap_tablet&quot;:{&quot;unit&quot;:&quot;px&quot;,&quot;size&quot;:10,&quot;sizes&quot;:[]},&quot;gap_mobile&quot;:{&quot;unit&quot;:&quot;px&quot;,&quot;size&quot;:10,&quot;sizes&quot;:[]},&quot;link_to&quot;:&quot;file&quot;,&quot;overlay_background&quot;:&quot;yes&quot;,&quot;content_hover_animation&quot;:&quot;fade-in&quot;}\" data-widget_type=\"gallery.default\">\n\t\t\t\t<div class=\"elementor-widget-container\">\n\t\t\t\t\t\t\t<div class=\"elementor-gallery__container\">\n\t\t\t\t\t\t\t<a class=\"e-gallery-item elementor-gallery-item elementor-animated-content\" href=\"https:\/\/www.exme.it\/wp\/wp-content\/uploads\/2023\/12\/DSC_0196-scaled.jpg\" data-elementor-open-lightbox=\"yes\" data-elementor-lightbox-slideshow=\"fdeedd2\" data-elementor-lightbox-title=\"DSC_0196\" data-e-action-hash=\"#elementor-action%3Aaction%3Dlightbox%26settings%3DeyJpZCI6MTg2NCwidXJsIjoiaHR0cHM6XC9cL3d3dy5leG1lLml0XC93cFwvd3AtY29udGVudFwvdXBsb2Fkc1wvMjAyM1wvMTJcL0RTQ18wMTk2LXNjYWxlZC5qcGciLCJzbGlkZXNob3ciOiJmZGVlZGQyIn0%3D\">\n\t\t\t\t\t<div class=\"e-gallery-image elementor-gallery-item__image\" data-thumbnail=\"https:\/\/www.exme.it\/wp\/wp-content\/uploads\/2023\/12\/DSC_0196-scaled.jpg\" data-width=\"\" data-height=\"\" aria-label=\"\" role=\"img\" ><\/div>\n\t\t\t\t\t\t\t\t\t\t\t<div class=\"elementor-gallery-item__overlay\"><\/div>\n\t\t\t\t\t\t\t\t\t\t\t\t\t\t<\/a>\n\t\t\t\t\t\t\t<a class=\"e-gallery-item elementor-gallery-item elementor-animated-content\" href=\"https:\/\/www.exme.it\/wp\/wp-content\/uploads\/2023\/12\/DSC_0186-scaled.jpg\" data-elementor-open-lightbox=\"yes\" data-elementor-lightbox-slideshow=\"fdeedd2\" data-elementor-lightbox-title=\"DSC_0186\" data-e-action-hash=\"#elementor-action%3Aaction%3Dlightbox%26settings%3DeyJpZCI6MTg2NSwidXJsIjoiaHR0cHM6XC9cL3d3dy5leG1lLml0XC93cFwvd3AtY29udGVudFwvdXBsb2Fkc1wvMjAyM1wvMTJcL0RTQ18wMTg2LXNjYWxlZC5qcGciLCJzbGlkZXNob3ciOiJmZGVlZGQyIn0%3D\">\n\t\t\t\t\t<div class=\"e-gallery-image elementor-gallery-item__image\" data-thumbnail=\"https:\/\/www.exme.it\/wp\/wp-content\/uploads\/2023\/12\/DSC_0186-scaled.jpg\" data-width=\"\" data-height=\"\" aria-label=\"\" role=\"img\" ><\/div>\n\t\t\t\t\t\t\t\t\t\t\t<div class=\"elementor-gallery-item__overlay\"><\/div>\n\t\t\t\t\t\t\t\t\t\t\t\t\t\t<\/a>\n\t\t\t\t\t\t\t<a class=\"e-gallery-item elementor-gallery-item elementor-animated-content\" href=\"https:\/\/www.exme.it\/wp\/wp-content\/uploads\/2023\/12\/DSC_0200-scaled.jpg\" data-elementor-open-lightbox=\"yes\" data-elementor-lightbox-slideshow=\"fdeedd2\" data-elementor-lightbox-title=\"DSC_0200\" data-e-action-hash=\"#elementor-action%3Aaction%3Dlightbox%26settings%3DeyJpZCI6MTg2NiwidXJsIjoiaHR0cHM6XC9cL3d3dy5leG1lLml0XC93cFwvd3AtY29udGVudFwvdXBsb2Fkc1wvMjAyM1wvMTJcL0RTQ18wMjAwLXNjYWxlZC5qcGciLCJzbGlkZXNob3ciOiJmZGVlZGQyIn0%3D\">\n\t\t\t\t\t<div class=\"e-gallery-image elementor-gallery-item__image\" data-thumbnail=\"https:\/\/www.exme.it\/wp\/wp-content\/uploads\/2023\/12\/DSC_0200-scaled.jpg\" data-width=\"\" data-height=\"\" aria-label=\"\" role=\"img\" ><\/div>\n\t\t\t\t\t\t\t\t\t\t\t<div class=\"elementor-gallery-item__overlay\"><\/div>\n\t\t\t\t\t\t\t\t\t\t\t\t\t\t<\/a>\n\t\t\t\t\t\t\t<a class=\"e-gallery-item elementor-gallery-item elementor-animated-content\" href=\"https:\/\/www.exme.it\/wp\/wp-content\/uploads\/2023\/12\/DSC_0232-scaled.jpg\" data-elementor-open-lightbox=\"yes\" data-elementor-lightbox-slideshow=\"fdeedd2\" data-elementor-lightbox-title=\"DSC_0232\" data-e-action-hash=\"#elementor-action%3Aaction%3Dlightbox%26settings%3DeyJpZCI6MTg2NywidXJsIjoiaHR0cHM6XC9cL3d3dy5leG1lLml0XC93cFwvd3AtY29udGVudFwvdXBsb2Fkc1wvMjAyM1wvMTJcL0RTQ18wMjMyLXNjYWxlZC5qcGciLCJzbGlkZXNob3ciOiJmZGVlZGQyIn0%3D\">\n\t\t\t\t\t<div class=\"e-gallery-image elementor-gallery-item__image\" data-thumbnail=\"https:\/\/www.exme.it\/wp\/wp-content\/uploads\/2023\/12\/DSC_0232-scaled.jpg\" data-width=\"\" data-height=\"\" aria-label=\"\" role=\"img\" ><\/div>\n\t\t\t\t\t\t\t\t\t\t\t<div class=\"elementor-gallery-item__overlay\"><\/div>\n\t\t\t\t\t\t\t\t\t\t\t\t\t\t<\/a>\n\t\t\t\t\t<\/div>\n\t\t\t\t\t<\/div>\n\t\t\t\t<\/div>\n\t\t\t\t\t<\/div>\n\t\t\t\t<\/div>\n\t\t\t\t<\/div>\n\t\t","protected":false},"excerpt":{"rendered":"<p>Grande affluenza di pubblico per l&#8217;inaugurazione dello spazio espositivo la  &#8220;Galleria&#8221;. Si chiama &#8220;Alfabetica&#8221;&#8230;<\/p>\n","protected":false},"author":3,"featured_media":1861,"comment_status":"closed","ping_status":"open","sticky":false,"template":"","format":"standard","meta":{"footnotes":""},"categories":[1],"tags":[],"class_list":["post-1860","post","type-post","status-publish","format-standard","has-post-thumbnail","hentry","category-news"],"yoast_head":"<!-- This site is optimized with the Yoast SEO plugin v27.2 - https:\/\/yoast.com\/product\/yoast-seo-wordpress\/ -->\n<title>Alfabetica - Exme.it<\/title>\n<meta name=\"robots\" content=\"index, follow, max-snippet:-1, max-image-preview:large, max-video-preview:-1\" \/>\n<link rel=\"canonical\" href=\"https:\/\/www.exme.it\/wp\/2023\/12\/14\/exme-promuove-alfabetica-prima-collettiva-dei-ragazzi-di-codice-segreto\/\" \/>\n<meta property=\"og:locale\" content=\"it_IT\" \/>\n<meta property=\"og:type\" content=\"article\" \/>\n<meta property=\"og:title\" content=\"Alfabetica - Exme.it\" \/>\n<meta property=\"og:description\" content=\"Grande affluenza di pubblico per l&#039;inaugurazione dello spazio espositivo la &quot;Galleria&quot;. Si chiama &quot;Alfabetica&quot;...\" \/>\n<meta property=\"og:url\" content=\"https:\/\/www.exme.it\/wp\/2023\/12\/14\/exme-promuove-alfabetica-prima-collettiva-dei-ragazzi-di-codice-segreto\/\" \/>\n<meta property=\"og:site_name\" content=\"Exme.it\" \/>\n<meta property=\"article:publisher\" content=\"https:\/\/www.facebook.com\/exme.domusdeluna\" \/>\n<meta property=\"article:published_time\" content=\"2023-12-14T11:59:44+00:00\" \/>\n<meta property=\"article:modified_time\" content=\"2024-01-10T15:50:01+00:00\" \/>\n<meta property=\"og:image\" content=\"https:\/\/www.exme.it\/wp\/wp-content\/uploads\/2023\/12\/IMG_4814-scaled.jpg\" \/>\n\t<meta property=\"og:image:width\" content=\"2560\" \/>\n\t<meta property=\"og:image:height\" content=\"1559\" \/>\n\t<meta property=\"og:image:type\" content=\"image\/jpeg\" \/>\n<meta name=\"author\" content=\"Davide Milici\" \/>\n<meta name=\"twitter:card\" content=\"summary_large_image\" \/>\n<meta name=\"twitter:label1\" content=\"Scritto da\" \/>\n\t<meta name=\"twitter:data1\" content=\"Davide Milici\" \/>\n\t<meta name=\"twitter:label2\" content=\"Tempo di lettura stimato\" \/>\n\t<meta name=\"twitter:data2\" content=\"1 minuto\" \/>\n<script type=\"application\/ld+json\" class=\"yoast-schema-graph\">{\"@context\":\"https:\/\/schema.org\",\"@graph\":[{\"@type\":\"Article\",\"@id\":\"https:\/\/www.exme.it\/wp\/2023\/12\/14\/exme-promuove-alfabetica-prima-collettiva-dei-ragazzi-di-codice-segreto\/#article\",\"isPartOf\":{\"@id\":\"https:\/\/www.exme.it\/wp\/2023\/12\/14\/exme-promuove-alfabetica-prima-collettiva-dei-ragazzi-di-codice-segreto\/\"},\"author\":{\"name\":\"Davide Milici\",\"@id\":\"https:\/\/www.exme.it\/wp\/#\/schema\/person\/aa8651ce742616c5a15ff5e12cba8a54\"},\"headline\":\"Alfabetica\",\"datePublished\":\"2023-12-14T11:59:44+00:00\",\"dateModified\":\"2024-01-10T15:50:01+00:00\",\"mainEntityOfPage\":{\"@id\":\"https:\/\/www.exme.it\/wp\/2023\/12\/14\/exme-promuove-alfabetica-prima-collettiva-dei-ragazzi-di-codice-segreto\/\"},\"wordCount\":114,\"publisher\":{\"@id\":\"https:\/\/www.exme.it\/wp\/#organization\"},\"image\":{\"@id\":\"https:\/\/www.exme.it\/wp\/2023\/12\/14\/exme-promuove-alfabetica-prima-collettiva-dei-ragazzi-di-codice-segreto\/#primaryimage\"},\"thumbnailUrl\":\"https:\/\/www.exme.it\/wp\/wp-content\/uploads\/2023\/12\/IMG_4814-scaled.jpg\",\"articleSection\":[\"News\"],\"inLanguage\":\"it-IT\"},{\"@type\":\"WebPage\",\"@id\":\"https:\/\/www.exme.it\/wp\/2023\/12\/14\/exme-promuove-alfabetica-prima-collettiva-dei-ragazzi-di-codice-segreto\/\",\"url\":\"https:\/\/www.exme.it\/wp\/2023\/12\/14\/exme-promuove-alfabetica-prima-collettiva-dei-ragazzi-di-codice-segreto\/\",\"name\":\"Alfabetica - Exme.it\",\"isPartOf\":{\"@id\":\"https:\/\/www.exme.it\/wp\/#website\"},\"primaryImageOfPage\":{\"@id\":\"https:\/\/www.exme.it\/wp\/2023\/12\/14\/exme-promuove-alfabetica-prima-collettiva-dei-ragazzi-di-codice-segreto\/#primaryimage\"},\"image\":{\"@id\":\"https:\/\/www.exme.it\/wp\/2023\/12\/14\/exme-promuove-alfabetica-prima-collettiva-dei-ragazzi-di-codice-segreto\/#primaryimage\"},\"thumbnailUrl\":\"https:\/\/www.exme.it\/wp\/wp-content\/uploads\/2023\/12\/IMG_4814-scaled.jpg\",\"datePublished\":\"2023-12-14T11:59:44+00:00\",\"dateModified\":\"2024-01-10T15:50:01+00:00\",\"breadcrumb\":{\"@id\":\"https:\/\/www.exme.it\/wp\/2023\/12\/14\/exme-promuove-alfabetica-prima-collettiva-dei-ragazzi-di-codice-segreto\/#breadcrumb\"},\"inLanguage\":\"it-IT\",\"potentialAction\":[{\"@type\":\"ReadAction\",\"target\":[\"https:\/\/www.exme.it\/wp\/2023\/12\/14\/exme-promuove-alfabetica-prima-collettiva-dei-ragazzi-di-codice-segreto\/\"]}]},{\"@type\":\"ImageObject\",\"inLanguage\":\"it-IT\",\"@id\":\"https:\/\/www.exme.it\/wp\/2023\/12\/14\/exme-promuove-alfabetica-prima-collettiva-dei-ragazzi-di-codice-segreto\/#primaryimage\",\"url\":\"https:\/\/www.exme.it\/wp\/wp-content\/uploads\/2023\/12\/IMG_4814-scaled.jpg\",\"contentUrl\":\"https:\/\/www.exme.it\/wp\/wp-content\/uploads\/2023\/12\/IMG_4814-scaled.jpg\",\"width\":2560,\"height\":1559},{\"@type\":\"BreadcrumbList\",\"@id\":\"https:\/\/www.exme.it\/wp\/2023\/12\/14\/exme-promuove-alfabetica-prima-collettiva-dei-ragazzi-di-codice-segreto\/#breadcrumb\",\"itemListElement\":[{\"@type\":\"ListItem\",\"position\":1,\"name\":\"Home\",\"item\":\"https:\/\/www.exme.it\/wp\/\"},{\"@type\":\"ListItem\",\"position\":2,\"name\":\"Alfabetica\"}]},{\"@type\":\"WebSite\",\"@id\":\"https:\/\/www.exme.it\/wp\/#website\",\"url\":\"https:\/\/www.exme.it\/wp\/\",\"name\":\"Exme.it\",\"description\":\"\",\"publisher\":{\"@id\":\"https:\/\/www.exme.it\/wp\/#organization\"},\"potentialAction\":[{\"@type\":\"SearchAction\",\"target\":{\"@type\":\"EntryPoint\",\"urlTemplate\":\"https:\/\/www.exme.it\/wp\/?s={search_term_string}\"},\"query-input\":{\"@type\":\"PropertyValueSpecification\",\"valueRequired\":true,\"valueName\":\"search_term_string\"}}],\"inLanguage\":\"it-IT\"},{\"@type\":\"Organization\",\"@id\":\"https:\/\/www.exme.it\/wp\/#organization\",\"name\":\"Exme.it\",\"url\":\"https:\/\/www.exme.it\/wp\/\",\"logo\":{\"@type\":\"ImageObject\",\"inLanguage\":\"it-IT\",\"@id\":\"https:\/\/www.exme.it\/wp\/#\/schema\/logo\/image\/\",\"url\":\"https:\/\/www.exme.it\/wp\/wp-content\/uploads\/2016\/03\/logo_exme_senza_bordi.png\",\"contentUrl\":\"https:\/\/www.exme.it\/wp\/wp-content\/uploads\/2016\/03\/logo_exme_senza_bordi.png\",\"width\":2201,\"height\":1569,\"caption\":\"Exme.it\"},\"image\":{\"@id\":\"https:\/\/www.exme.it\/wp\/#\/schema\/logo\/image\/\"},\"sameAs\":[\"https:\/\/www.facebook.com\/exme.domusdeluna\"]},{\"@type\":\"Person\",\"@id\":\"https:\/\/www.exme.it\/wp\/#\/schema\/person\/aa8651ce742616c5a15ff5e12cba8a54\",\"name\":\"Davide Milici\",\"image\":{\"@type\":\"ImageObject\",\"inLanguage\":\"it-IT\",\"@id\":\"https:\/\/secure.gravatar.com\/avatar\/c913db7ffe2e3a4ad133c60adc711068a8ceba5c3fefa0cf232dc219d72f3ccc?s=96&d=mm&r=g\",\"url\":\"https:\/\/secure.gravatar.com\/avatar\/c913db7ffe2e3a4ad133c60adc711068a8ceba5c3fefa0cf232dc219d72f3ccc?s=96&d=mm&r=g\",\"contentUrl\":\"https:\/\/secure.gravatar.com\/avatar\/c913db7ffe2e3a4ad133c60adc711068a8ceba5c3fefa0cf232dc219d72f3ccc?s=96&d=mm&r=g\",\"caption\":\"Davide Milici\"},\"sameAs\":[\"http:\/\/davidemilici.it\"],\"url\":\"https:\/\/www.exme.it\/wp\/author\/davide\/\"}]}<\/script>\n<!-- \/ Yoast SEO plugin. -->","yoast_head_json":{"title":"Alfabetica - Exme.it","robots":{"index":"index","follow":"follow","max-snippet":"max-snippet:-1","max-image-preview":"max-image-preview:large","max-video-preview":"max-video-preview:-1"},"canonical":"https:\/\/www.exme.it\/wp\/2023\/12\/14\/exme-promuove-alfabetica-prima-collettiva-dei-ragazzi-di-codice-segreto\/","og_locale":"it_IT","og_type":"article","og_title":"Alfabetica - Exme.it","og_description":"Grande affluenza di pubblico per l'inaugurazione dello spazio espositivo la \"Galleria\". Si chiama \"Alfabetica\"...","og_url":"https:\/\/www.exme.it\/wp\/2023\/12\/14\/exme-promuove-alfabetica-prima-collettiva-dei-ragazzi-di-codice-segreto\/","og_site_name":"Exme.it","article_publisher":"https:\/\/www.facebook.com\/exme.domusdeluna","article_published_time":"2023-12-14T11:59:44+00:00","article_modified_time":"2024-01-10T15:50:01+00:00","og_image":[{"width":2560,"height":1559,"url":"https:\/\/www.exme.it\/wp\/wp-content\/uploads\/2023\/12\/IMG_4814-scaled.jpg","type":"image\/jpeg"}],"author":"Davide Milici","twitter_card":"summary_large_image","twitter_misc":{"Scritto da":"Davide Milici","Tempo di lettura stimato":"1 minuto"},"schema":{"@context":"https:\/\/schema.org","@graph":[{"@type":"Article","@id":"https:\/\/www.exme.it\/wp\/2023\/12\/14\/exme-promuove-alfabetica-prima-collettiva-dei-ragazzi-di-codice-segreto\/#article","isPartOf":{"@id":"https:\/\/www.exme.it\/wp\/2023\/12\/14\/exme-promuove-alfabetica-prima-collettiva-dei-ragazzi-di-codice-segreto\/"},"author":{"name":"Davide Milici","@id":"https:\/\/www.exme.it\/wp\/#\/schema\/person\/aa8651ce742616c5a15ff5e12cba8a54"},"headline":"Alfabetica","datePublished":"2023-12-14T11:59:44+00:00","dateModified":"2024-01-10T15:50:01+00:00","mainEntityOfPage":{"@id":"https:\/\/www.exme.it\/wp\/2023\/12\/14\/exme-promuove-alfabetica-prima-collettiva-dei-ragazzi-di-codice-segreto\/"},"wordCount":114,"publisher":{"@id":"https:\/\/www.exme.it\/wp\/#organization"},"image":{"@id":"https:\/\/www.exme.it\/wp\/2023\/12\/14\/exme-promuove-alfabetica-prima-collettiva-dei-ragazzi-di-codice-segreto\/#primaryimage"},"thumbnailUrl":"https:\/\/www.exme.it\/wp\/wp-content\/uploads\/2023\/12\/IMG_4814-scaled.jpg","articleSection":["News"],"inLanguage":"it-IT"},{"@type":"WebPage","@id":"https:\/\/www.exme.it\/wp\/2023\/12\/14\/exme-promuove-alfabetica-prima-collettiva-dei-ragazzi-di-codice-segreto\/","url":"https:\/\/www.exme.it\/wp\/2023\/12\/14\/exme-promuove-alfabetica-prima-collettiva-dei-ragazzi-di-codice-segreto\/","name":"Alfabetica - Exme.it","isPartOf":{"@id":"https:\/\/www.exme.it\/wp\/#website"},"primaryImageOfPage":{"@id":"https:\/\/www.exme.it\/wp\/2023\/12\/14\/exme-promuove-alfabetica-prima-collettiva-dei-ragazzi-di-codice-segreto\/#primaryimage"},"image":{"@id":"https:\/\/www.exme.it\/wp\/2023\/12\/14\/exme-promuove-alfabetica-prima-collettiva-dei-ragazzi-di-codice-segreto\/#primaryimage"},"thumbnailUrl":"https:\/\/www.exme.it\/wp\/wp-content\/uploads\/2023\/12\/IMG_4814-scaled.jpg","datePublished":"2023-12-14T11:59:44+00:00","dateModified":"2024-01-10T15:50:01+00:00","breadcrumb":{"@id":"https:\/\/www.exme.it\/wp\/2023\/12\/14\/exme-promuove-alfabetica-prima-collettiva-dei-ragazzi-di-codice-segreto\/#breadcrumb"},"inLanguage":"it-IT","potentialAction":[{"@type":"ReadAction","target":["https:\/\/www.exme.it\/wp\/2023\/12\/14\/exme-promuove-alfabetica-prima-collettiva-dei-ragazzi-di-codice-segreto\/"]}]},{"@type":"ImageObject","inLanguage":"it-IT","@id":"https:\/\/www.exme.it\/wp\/2023\/12\/14\/exme-promuove-alfabetica-prima-collettiva-dei-ragazzi-di-codice-segreto\/#primaryimage","url":"https:\/\/www.exme.it\/wp\/wp-content\/uploads\/2023\/12\/IMG_4814-scaled.jpg","contentUrl":"https:\/\/www.exme.it\/wp\/wp-content\/uploads\/2023\/12\/IMG_4814-scaled.jpg","width":2560,"height":1559},{"@type":"BreadcrumbList","@id":"https:\/\/www.exme.it\/wp\/2023\/12\/14\/exme-promuove-alfabetica-prima-collettiva-dei-ragazzi-di-codice-segreto\/#breadcrumb","itemListElement":[{"@type":"ListItem","position":1,"name":"Home","item":"https:\/\/www.exme.it\/wp\/"},{"@type":"ListItem","position":2,"name":"Alfabetica"}]},{"@type":"WebSite","@id":"https:\/\/www.exme.it\/wp\/#website","url":"https:\/\/www.exme.it\/wp\/","name":"Exme.it","description":"","publisher":{"@id":"https:\/\/www.exme.it\/wp\/#organization"},"potentialAction":[{"@type":"SearchAction","target":{"@type":"EntryPoint","urlTemplate":"https:\/\/www.exme.it\/wp\/?s={search_term_string}"},"query-input":{"@type":"PropertyValueSpecification","valueRequired":true,"valueName":"search_term_string"}}],"inLanguage":"it-IT"},{"@type":"Organization","@id":"https:\/\/www.exme.it\/wp\/#organization","name":"Exme.it","url":"https:\/\/www.exme.it\/wp\/","logo":{"@type":"ImageObject","inLanguage":"it-IT","@id":"https:\/\/www.exme.it\/wp\/#\/schema\/logo\/image\/","url":"https:\/\/www.exme.it\/wp\/wp-content\/uploads\/2016\/03\/logo_exme_senza_bordi.png","contentUrl":"https:\/\/www.exme.it\/wp\/wp-content\/uploads\/2016\/03\/logo_exme_senza_bordi.png","width":2201,"height":1569,"caption":"Exme.it"},"image":{"@id":"https:\/\/www.exme.it\/wp\/#\/schema\/logo\/image\/"},"sameAs":["https:\/\/www.facebook.com\/exme.domusdeluna"]},{"@type":"Person","@id":"https:\/\/www.exme.it\/wp\/#\/schema\/person\/aa8651ce742616c5a15ff5e12cba8a54","name":"Davide Milici","image":{"@type":"ImageObject","inLanguage":"it-IT","@id":"https:\/\/secure.gravatar.com\/avatar\/c913db7ffe2e3a4ad133c60adc711068a8ceba5c3fefa0cf232dc219d72f3ccc?s=96&d=mm&r=g","url":"https:\/\/secure.gravatar.com\/avatar\/c913db7ffe2e3a4ad133c60adc711068a8ceba5c3fefa0cf232dc219d72f3ccc?s=96&d=mm&r=g","contentUrl":"https:\/\/secure.gravatar.com\/avatar\/c913db7ffe2e3a4ad133c60adc711068a8ceba5c3fefa0cf232dc219d72f3ccc?s=96&d=mm&r=g","caption":"Davide Milici"},"sameAs":["http:\/\/davidemilici.it"],"url":"https:\/\/www.exme.it\/wp\/author\/davide\/"}]}},"_links":{"self":[{"href":"https:\/\/www.exme.it\/wp\/wp-json\/wp\/v2\/posts\/1860","targetHints":{"allow":["GET"]}}],"collection":[{"href":"https:\/\/www.exme.it\/wp\/wp-json\/wp\/v2\/posts"}],"about":[{"href":"https:\/\/www.exme.it\/wp\/wp-json\/wp\/v2\/types\/post"}],"author":[{"embeddable":true,"href":"https:\/\/www.exme.it\/wp\/wp-json\/wp\/v2\/users\/3"}],"replies":[{"embeddable":true,"href":"https:\/\/www.exme.it\/wp\/wp-json\/wp\/v2\/comments?post=1860"}],"version-history":[{"count":11,"href":"https:\/\/www.exme.it\/wp\/wp-json\/wp\/v2\/posts\/1860\/revisions"}],"predecessor-version":[{"id":1984,"href":"https:\/\/www.exme.it\/wp\/wp-json\/wp\/v2\/posts\/1860\/revisions\/1984"}],"wp:featuredmedia":[{"embeddable":true,"href":"https:\/\/www.exme.it\/wp\/wp-json\/wp\/v2\/media\/1861"}],"wp:attachment":[{"href":"https:\/\/www.exme.it\/wp\/wp-json\/wp\/v2\/media?parent=1860"}],"wp:term":[{"taxonomy":"category","embeddable":true,"href":"https:\/\/www.exme.it\/wp\/wp-json\/wp\/v2\/categories?post=1860"},{"taxonomy":"post_tag","embeddable":true,"href":"https:\/\/www.exme.it\/wp\/wp-json\/wp\/v2\/tags?post=1860"}],"curies":[{"name":"wp","href":"https:\/\/api.w.org\/{rel}","templated":true}]}}